{"id":21229,"date":"2019-03-31T14:55:55","date_gmt":"2019-03-31T18:55:55","guid":{"rendered":"https:\/\/www.nbfc.com\/?p=21229"},"modified":"2019-05-24T12:34:49","modified_gmt":"2019-05-24T16:34:49","slug":"la-hausse-du-vol-de-fret-frappe-les-secteurs-du-transport-et-de-lassurance","status":"publish","type":"post","link":"https:\/\/www.nbfc.com\/fr\/la-hausse-du-vol-de-fret-frappe-les-secteurs-du-transport-et-de-lassurance\/","title":{"rendered":"La hausse du vol de fret frapp\u00e9 les secteurs du transport et de l&rsquo;assurance"},"content":{"rendered":"<p><a href=\"https:\/\/www.theglobeandmail.com\/business\/article-rise-in-cargo-theft-hits-transportation-insurance-sectors\/\">https:\/\/www.theglobeandmail.com\/business\/article-rise-in-cargo-theft-hits-transportation-insurance-sectors\/<\/a><\/p>\n<h6>Truck News | 31 March 2019<\/h6>\n<p>Garry\u00a0Robertson, directeur de l\u2019Unit\u00e9 des enqu\u00eates sp\u00e9ciales du Service de l\u2019indemnisation de Northbridge, commente la hausse r\u00e9cente des vols de marchandises. Selon le Bureau d\u2019assurance du Canada\u00a0(BAC), 3\u00a0143 incidents de vol de marchandises, totalisant une valeur de 229\u00a0millions de dollars, ont \u00e9t\u00e9 signal\u00e9s au Canada l\u2019an dernier seulement.<\/p>\n","protected":false},"excerpt":{"rendered":"<p>https:\/\/www.theglobeandmail.com\/business\/article-rise-in-cargo-theft-hits-transportation-insurance-sectors\/ Truck News | 31 March 2019 Garry\u00a0Robertson, directeur de l\u2019Unit\u00e9 des enqu\u00eates sp\u00e9ciales du Service de l\u2019indemnisation de Northbridge, commente la hausse r\u00e9cente des vols de marchandises. Selon le Bureau d\u2019assurance du Canada\u00a0(BAC), 3\u00a0143 incidents de vol de marchandises, totalisant une valeur de 229\u00a0millions de dollars, ont \u00e9t\u00e9 signal\u00e9s au Canada l\u2019an dernier seulement.<\/p>\n","protected":false},"author":28,"featured_media":21183,"comment_status":"closed","ping_status":"closed","sticky":false,"template":"","format":"link","meta":{"footnotes":""},"categories":[242],"tags":[],"class_list":["post-21229","post","type-post","status-publish","format-link","has-post-thumbnail","hentry","category-northbridge-fr","post_format-post-format-link"],"yoast_head":"<!-- This site is optimized with the Yoast SEO plugin v27.4 - https:\/\/yoast.com\/product\/yoast-seo-wordpress\/ -->\n<title>La hausse du vol de fret frapp\u00e9 les secteurs du transport et de l&#039;assurance - Corporation financi\u00e8re Northbridge<\/title>\n<meta name=\"description\" content=\"Garry\u00a0Robertson, directeur de l\u2019Unit\u00e9 des enqu\u00eates sp\u00e9ciales du Service de l\u2019indemnisation de Northbridge, commente la hausse r\u00e9cente des vols de marchandises.\" \/>\n<meta name=\"robots\" content=\"index, follow, max-snippet:-1, max-image-preview:large, max-video-preview:-1\" \/>\n<link rel=\"canonical\" href=\"https:\/\/www.nbfc.com\/fr\/la-hausse-du-vol-de-fret-frappe-les-secteurs-du-transport-et-de-lassurance\/\" \/>\n<meta property=\"og:locale\" content=\"fr_FR\" \/>\n<meta property=\"og:type\" content=\"article\" \/>\n<meta property=\"og:title\" content=\"La hausse du vol de fret frapp\u00e9 les secteurs du transport et de l&#039;assurance - Corporation financi\u00e8re Northbridge\" \/>\n<meta property=\"og:description\" content=\"Garry\u00a0Robertson, directeur de l\u2019Unit\u00e9 des enqu\u00eates sp\u00e9ciales du Service de l\u2019indemnisation de Northbridge, commente la hausse r\u00e9cente des vols de marchandises.\" \/>\n<meta property=\"og:url\" content=\"https:\/\/www.nbfc.com\/fr\/la-hausse-du-vol-de-fret-frappe-les-secteurs-du-transport-et-de-lassurance\/\" \/>\n<meta property=\"og:site_name\" content=\"Corporation financi\u00e8re Northbridge\" \/>\n<meta property=\"article:published_time\" content=\"2019-03-31T18:55:55+00:00\" \/>\n<meta property=\"article:modified_time\" content=\"2019-05-24T16:34:49+00:00\" \/>\n<meta property=\"og:image\" content=\"https:\/\/www.nbfc.com\/wp-content\/uploads\/2019\/05\/Cargo-Crate-Unlocked.jpg\" \/>\n\t<meta property=\"og:image:width\" content=\"200\" \/>\n\t<meta property=\"og:image:height\" content=\"200\" \/>\n\t<meta property=\"og:image:type\" content=\"image\/jpeg\" \/>\n<meta name=\"author\" content=\"Farihah Chowdhury\" \/>\n<meta name=\"twitter:card\" content=\"summary_large_image\" \/>\n<meta name=\"twitter:label1\" content=\"\u00c9crit par\" \/>\n\t<meta name=\"twitter:data1\" content=\"Farihah Chowdhury\" \/>\n<script type=\"application\/ld+json\" class=\"yoast-schema-graph\">{\"@context\":\"https:\\\/\\\/schema.org\",\"@graph\":[{\"@type\":\"Article\",\"@id\":\"https:\\\/\\\/www.nbfc.com\\\/fr\\\/la-hausse-du-vol-de-fret-frappe-les-secteurs-du-transport-et-de-lassurance\\\/#article\",\"isPartOf\":{\"@id\":\"https:\\\/\\\/www.nbfc.com\\\/fr\\\/la-hausse-du-vol-de-fret-frappe-les-secteurs-du-transport-et-de-lassurance\\\/\"},\"author\":{\"name\":\"Farihah Chowdhury\",\"@id\":\"https:\\\/\\\/www.nbfc.com\\\/fr\\\/#\\\/schema\\\/person\\\/14221171b8d0d956acc18f9385faa85c\"},\"headline\":\"La hausse du vol de fret frapp\u00e9 les secteurs du transport et de l&rsquo;assurance\",\"datePublished\":\"2019-03-31T18:55:55+00:00\",\"dateModified\":\"2019-05-24T16:34:49+00:00\",\"mainEntityOfPage\":{\"@id\":\"https:\\\/\\\/www.nbfc.com\\\/fr\\\/la-hausse-du-vol-de-fret-frappe-les-secteurs-du-transport-et-de-lassurance\\\/\"},\"wordCount\":81,\"publisher\":{\"@id\":\"https:\\\/\\\/www.nbfc.com\\\/fr\\\/#organization\"},\"image\":{\"@id\":\"https:\\\/\\\/www.nbfc.com\\\/fr\\\/la-hausse-du-vol-de-fret-frappe-les-secteurs-du-transport-et-de-lassurance\\\/#primaryimage\"},\"thumbnailUrl\":\"https:\\\/\\\/www.nbfc.com\\\/wp-content\\\/uploads\\\/2019\\\/05\\\/Cargo-Crate-Unlocked.jpg\",\"articleSection\":[\"Corporation financi\u00e8re Northbridge\"],\"inLanguage\":\"fr-FR\"},{\"@type\":\"WebPage\",\"@id\":\"https:\\\/\\\/www.nbfc.com\\\/fr\\\/la-hausse-du-vol-de-fret-frappe-les-secteurs-du-transport-et-de-lassurance\\\/\",\"url\":\"https:\\\/\\\/www.nbfc.com\\\/fr\\\/la-hausse-du-vol-de-fret-frappe-les-secteurs-du-transport-et-de-lassurance\\\/\",\"name\":\"La hausse du vol de fret frapp\u00e9 les secteurs du transport et de l'assurance - Corporation financi\u00e8re Northbridge\",\"isPartOf\":{\"@id\":\"https:\\\/\\\/www.nbfc.com\\\/fr\\\/#website\"},\"primaryImageOfPage\":{\"@id\":\"https:\\\/\\\/www.nbfc.com\\\/fr\\\/la-hausse-du-vol-de-fret-frappe-les-secteurs-du-transport-et-de-lassurance\\\/#primaryimage\"},\"image\":{\"@id\":\"https:\\\/\\\/www.nbfc.com\\\/fr\\\/la-hausse-du-vol-de-fret-frappe-les-secteurs-du-transport-et-de-lassurance\\\/#primaryimage\"},\"thumbnailUrl\":\"https:\\\/\\\/www.nbfc.com\\\/wp-content\\\/uploads\\\/2019\\\/05\\\/Cargo-Crate-Unlocked.jpg\",\"datePublished\":\"2019-03-31T18:55:55+00:00\",\"dateModified\":\"2019-05-24T16:34:49+00:00\",\"description\":\"Garry\u00a0Robertson, directeur de l\u2019Unit\u00e9 des enqu\u00eates sp\u00e9ciales du Service de l\u2019indemnisation de Northbridge, commente la hausse r\u00e9cente des vols de marchandises.\",\"breadcrumb\":{\"@id\":\"https:\\\/\\\/www.nbfc.com\\\/fr\\\/la-hausse-du-vol-de-fret-frappe-les-secteurs-du-transport-et-de-lassurance\\\/#breadcrumb\"},\"inLanguage\":\"fr-FR\",\"potentialAction\":[{\"@type\":\"ReadAction\",\"target\":[\"https:\\\/\\\/www.nbfc.com\\\/fr\\\/la-hausse-du-vol-de-fret-frappe-les-secteurs-du-transport-et-de-lassurance\\\/\"]}]},{\"@type\":\"ImageObject\",\"inLanguage\":\"fr-FR\",\"@id\":\"https:\\\/\\\/www.nbfc.com\\\/fr\\\/la-hausse-du-vol-de-fret-frappe-les-secteurs-du-transport-et-de-lassurance\\\/#primaryimage\",\"url\":\"https:\\\/\\\/www.nbfc.com\\\/wp-content\\\/uploads\\\/2019\\\/05\\\/Cargo-Crate-Unlocked.jpg\",\"contentUrl\":\"https:\\\/\\\/www.nbfc.com\\\/wp-content\\\/uploads\\\/2019\\\/05\\\/Cargo-Crate-Unlocked.jpg\",\"width\":200,\"height\":200,\"caption\":\"An unlocked cargo-crate\"},{\"@type\":\"BreadcrumbList\",\"@id\":\"https:\\\/\\\/www.nbfc.com\\\/fr\\\/la-hausse-du-vol-de-fret-frappe-les-secteurs-du-transport-et-de-lassurance\\\/#breadcrumb\",\"itemListElement\":[{\"@type\":\"ListItem\",\"position\":1,\"name\":\"Home\",\"item\":\"https:\\\/\\\/www.nbfc.com\\\/fr\\\/home\\\/\"},{\"@type\":\"ListItem\",\"position\":2,\"name\":\"La hausse du vol de fret frapp\u00e9 les secteurs du transport et de l&rsquo;assurance\"}]},{\"@type\":\"WebSite\",\"@id\":\"https:\\\/\\\/www.nbfc.com\\\/fr\\\/#website\",\"url\":\"https:\\\/\\\/www.nbfc.com\\\/fr\\\/\",\"name\":\"Corporation financi\u00e8re Northbridge\",\"description\":\"Assurance des entreprises au Canada\",\"publisher\":{\"@id\":\"https:\\\/\\\/www.nbfc.com\\\/fr\\\/#organization\"},\"potentialAction\":[{\"@type\":\"SearchAction\",\"target\":{\"@type\":\"EntryPoint\",\"urlTemplate\":\"https:\\\/\\\/www.nbfc.com\\\/fr\\\/?s={search_term_string}\"},\"query-input\":{\"@type\":\"PropertyValueSpecification\",\"valueRequired\":true,\"valueName\":\"search_term_string\"}}],\"inLanguage\":\"fr-FR\"},{\"@type\":\"Organization\",\"@id\":\"https:\\\/\\\/www.nbfc.com\\\/fr\\\/#organization\",\"name\":\"Northbridge Financial Corporation\",\"url\":\"https:\\\/\\\/www.nbfc.com\\\/fr\\\/\",\"logo\":{\"@type\":\"ImageObject\",\"inLanguage\":\"fr-FR\",\"@id\":\"https:\\\/\\\/www.nbfc.com\\\/fr\\\/#\\\/schema\\\/logo\\\/image\\\/\",\"url\":\"https:\\\/\\\/www.nbfc.com\\\/wp-content\\\/uploads\\\/2015\\\/06\\\/nb_fairfax_smallscaleuses_300x167px-EN.png\",\"contentUrl\":\"https:\\\/\\\/www.nbfc.com\\\/wp-content\\\/uploads\\\/2015\\\/06\\\/nb_fairfax_smallscaleuses_300x167px-EN.png\",\"width\":300,\"height\":168,\"caption\":\"Northbridge Financial Corporation\"},\"image\":{\"@id\":\"https:\\\/\\\/www.nbfc.com\\\/fr\\\/#\\\/schema\\\/logo\\\/image\\\/\"},\"sameAs\":[\"https:\\\/\\\/www.linkedin.com\\\/company\\\/northbridge-financial-corporation\",\"https:\\\/\\\/www.youtube.com\\\/channel\\\/UCVJXP_9ja5iY_5SAAxJ6Jmg\"]},{\"@type\":\"Person\",\"@id\":\"https:\\\/\\\/www.nbfc.com\\\/fr\\\/#\\\/schema\\\/person\\\/14221171b8d0d956acc18f9385faa85c\",\"name\":\"Farihah Chowdhury\"}]}<\/script>\n<!-- \/ Yoast SEO plugin. -->","yoast_head_json":{"title":"La hausse du vol de fret frapp\u00e9 les secteurs du transport et de l'assurance - Corporation financi\u00e8re Northbridge","description":"Garry\u00a0Robertson, directeur de l\u2019Unit\u00e9 des enqu\u00eates sp\u00e9ciales du Service de l\u2019indemnisation de Northbridge, commente la hausse r\u00e9cente des vols de marchandises.","robots":{"index":"index","follow":"follow","max-snippet":"max-snippet:-1","max-image-preview":"max-image-preview:large","max-video-preview":"max-video-preview:-1"},"canonical":"https:\/\/www.nbfc.com\/fr\/la-hausse-du-vol-de-fret-frappe-les-secteurs-du-transport-et-de-lassurance\/","og_locale":"fr_FR","og_type":"article","og_title":"La hausse du vol de fret frapp\u00e9 les secteurs du transport et de l'assurance - Corporation financi\u00e8re Northbridge","og_description":"Garry\u00a0Robertson, directeur de l\u2019Unit\u00e9 des enqu\u00eates sp\u00e9ciales du Service de l\u2019indemnisation de Northbridge, commente la hausse r\u00e9cente des vols de marchandises.","og_url":"https:\/\/www.nbfc.com\/fr\/la-hausse-du-vol-de-fret-frappe-les-secteurs-du-transport-et-de-lassurance\/","og_site_name":"Corporation financi\u00e8re Northbridge","article_published_time":"2019-03-31T18:55:55+00:00","article_modified_time":"2019-05-24T16:34:49+00:00","og_image":[{"width":200,"height":200,"url":"https:\/\/www.nbfc.com\/wp-content\/uploads\/2019\/05\/Cargo-Crate-Unlocked.jpg","type":"image\/jpeg"}],"author":"Farihah Chowdhury","twitter_card":"summary_large_image","twitter_misc":{"\u00c9crit par":"Farihah Chowdhury"},"schema":{"@context":"https:\/\/schema.org","@graph":[{"@type":"Article","@id":"https:\/\/www.nbfc.com\/fr\/la-hausse-du-vol-de-fret-frappe-les-secteurs-du-transport-et-de-lassurance\/#article","isPartOf":{"@id":"https:\/\/www.nbfc.com\/fr\/la-hausse-du-vol-de-fret-frappe-les-secteurs-du-transport-et-de-lassurance\/"},"author":{"name":"Farihah Chowdhury","@id":"https:\/\/www.nbfc.com\/fr\/#\/schema\/person\/14221171b8d0d956acc18f9385faa85c"},"headline":"La hausse du vol de fret frapp\u00e9 les secteurs du transport et de l&rsquo;assurance","datePublished":"2019-03-31T18:55:55+00:00","dateModified":"2019-05-24T16:34:49+00:00","mainEntityOfPage":{"@id":"https:\/\/www.nbfc.com\/fr\/la-hausse-du-vol-de-fret-frappe-les-secteurs-du-transport-et-de-lassurance\/"},"wordCount":81,"publisher":{"@id":"https:\/\/www.nbfc.com\/fr\/#organization"},"image":{"@id":"https:\/\/www.nbfc.com\/fr\/la-hausse-du-vol-de-fret-frappe-les-secteurs-du-transport-et-de-lassurance\/#primaryimage"},"thumbnailUrl":"https:\/\/www.nbfc.com\/wp-content\/uploads\/2019\/05\/Cargo-Crate-Unlocked.jpg","articleSection":["Corporation financi\u00e8re Northbridge"],"inLanguage":"fr-FR"},{"@type":"WebPage","@id":"https:\/\/www.nbfc.com\/fr\/la-hausse-du-vol-de-fret-frappe-les-secteurs-du-transport-et-de-lassurance\/","url":"https:\/\/www.nbfc.com\/fr\/la-hausse-du-vol-de-fret-frappe-les-secteurs-du-transport-et-de-lassurance\/","name":"La hausse du vol de fret frapp\u00e9 les secteurs du transport et de l'assurance - Corporation financi\u00e8re Northbridge","isPartOf":{"@id":"https:\/\/www.nbfc.com\/fr\/#website"},"primaryImageOfPage":{"@id":"https:\/\/www.nbfc.com\/fr\/la-hausse-du-vol-de-fret-frappe-les-secteurs-du-transport-et-de-lassurance\/#primaryimage"},"image":{"@id":"https:\/\/www.nbfc.com\/fr\/la-hausse-du-vol-de-fret-frappe-les-secteurs-du-transport-et-de-lassurance\/#primaryimage"},"thumbnailUrl":"https:\/\/www.nbfc.com\/wp-content\/uploads\/2019\/05\/Cargo-Crate-Unlocked.jpg","datePublished":"2019-03-31T18:55:55+00:00","dateModified":"2019-05-24T16:34:49+00:00","description":"Garry\u00a0Robertson, directeur de l\u2019Unit\u00e9 des enqu\u00eates sp\u00e9ciales du Service de l\u2019indemnisation de Northbridge, commente la hausse r\u00e9cente des vols de marchandises.","breadcrumb":{"@id":"https:\/\/www.nbfc.com\/fr\/la-hausse-du-vol-de-fret-frappe-les-secteurs-du-transport-et-de-lassurance\/#breadcrumb"},"inLanguage":"fr-FR","potentialAction":[{"@type":"ReadAction","target":["https:\/\/www.nbfc.com\/fr\/la-hausse-du-vol-de-fret-frappe-les-secteurs-du-transport-et-de-lassurance\/"]}]},{"@type":"ImageObject","inLanguage":"fr-FR","@id":"https:\/\/www.nbfc.com\/fr\/la-hausse-du-vol-de-fret-frappe-les-secteurs-du-transport-et-de-lassurance\/#primaryimage","url":"https:\/\/www.nbfc.com\/wp-content\/uploads\/2019\/05\/Cargo-Crate-Unlocked.jpg","contentUrl":"https:\/\/www.nbfc.com\/wp-content\/uploads\/2019\/05\/Cargo-Crate-Unlocked.jpg","width":200,"height":200,"caption":"An unlocked cargo-crate"},{"@type":"BreadcrumbList","@id":"https:\/\/www.nbfc.com\/fr\/la-hausse-du-vol-de-fret-frappe-les-secteurs-du-transport-et-de-lassurance\/#breadcrumb","itemListElement":[{"@type":"ListItem","position":1,"name":"Home","item":"https:\/\/www.nbfc.com\/fr\/home\/"},{"@type":"ListItem","position":2,"name":"La hausse du vol de fret frapp\u00e9 les secteurs du transport et de l&rsquo;assurance"}]},{"@type":"WebSite","@id":"https:\/\/www.nbfc.com\/fr\/#website","url":"https:\/\/www.nbfc.com\/fr\/","name":"Corporation financi\u00e8re Northbridge","description":"Assurance des entreprises au Canada","publisher":{"@id":"https:\/\/www.nbfc.com\/fr\/#organization"},"potentialAction":[{"@type":"SearchAction","target":{"@type":"EntryPoint","urlTemplate":"https:\/\/www.nbfc.com\/fr\/?s={search_term_string}"},"query-input":{"@type":"PropertyValueSpecification","valueRequired":true,"valueName":"search_term_string"}}],"inLanguage":"fr-FR"},{"@type":"Organization","@id":"https:\/\/www.nbfc.com\/fr\/#organization","name":"Northbridge Financial Corporation","url":"https:\/\/www.nbfc.com\/fr\/","logo":{"@type":"ImageObject","inLanguage":"fr-FR","@id":"https:\/\/www.nbfc.com\/fr\/#\/schema\/logo\/image\/","url":"https:\/\/www.nbfc.com\/wp-content\/uploads\/2015\/06\/nb_fairfax_smallscaleuses_300x167px-EN.png","contentUrl":"https:\/\/www.nbfc.com\/wp-content\/uploads\/2015\/06\/nb_fairfax_smallscaleuses_300x167px-EN.png","width":300,"height":168,"caption":"Northbridge Financial Corporation"},"image":{"@id":"https:\/\/www.nbfc.com\/fr\/#\/schema\/logo\/image\/"},"sameAs":["https:\/\/www.linkedin.com\/company\/northbridge-financial-corporation","https:\/\/www.youtube.com\/channel\/UCVJXP_9ja5iY_5SAAxJ6Jmg"]},{"@type":"Person","@id":"https:\/\/www.nbfc.com\/fr\/#\/schema\/person\/14221171b8d0d956acc18f9385faa85c","name":"Farihah Chowdhury"}]}},"_links":{"self":[{"href":"https:\/\/www.nbfc.com\/fr\/wp-json\/wp\/v2\/posts\/21229","targetHints":{"allow":["GET"]}}],"collection":[{"href":"https:\/\/www.nbfc.com\/fr\/wp-json\/wp\/v2\/posts"}],"about":[{"href":"https:\/\/www.nbfc.com\/fr\/wp-json\/wp\/v2\/types\/post"}],"author":[{"embeddable":true,"href":"https:\/\/www.nbfc.com\/fr\/wp-json\/wp\/v2\/users\/28"}],"replies":[{"embeddable":true,"href":"https:\/\/www.nbfc.com\/fr\/wp-json\/wp\/v2\/comments?post=21229"}],"version-history":[{"count":0,"href":"https:\/\/www.nbfc.com\/fr\/wp-json\/wp\/v2\/posts\/21229\/revisions"}],"wp:featuredmedia":[{"embeddable":true,"href":"https:\/\/www.nbfc.com\/fr\/wp-json\/wp\/v2\/media\/21183"}],"wp:attachment":[{"href":"https:\/\/www.nbfc.com\/fr\/wp-json\/wp\/v2\/media?parent=21229"}],"wp:term":[{"taxonomy":"category","embeddable":true,"href":"https:\/\/www.nbfc.com\/fr\/wp-json\/wp\/v2\/categories?post=21229"},{"taxonomy":"post_tag","embeddable":true,"href":"https:\/\/www.nbfc.com\/fr\/wp-json\/wp\/v2\/tags?post=21229"}],"curies":[{"name":"wp","href":"https:\/\/api.w.org\/{rel}","templated":true}]}}