{"id":27625,"date":"2024-02-05T10:38:07","date_gmt":"2024-02-05T15:38:07","guid":{"rendered":"https:\/\/www.nbfc.com\/northbridge-insurance-announces-changes-to-quebec-leadership-team\/"},"modified":"2024-02-05T11:40:22","modified_gmt":"2024-02-05T16:40:22","slug":"northbridge-assurance-annonce-des-changements-a-la-direction-du-quebec","status":"publish","type":"post","link":"https:\/\/www.nbfc.com\/fr\/northbridge-assurance-annonce-des-changements-a-la-direction-du-quebec\/","title":{"rendered":"Northbridge Assurance annonce des changements au sein de son \u00e9quipe de direction au Qu\u00e9bec"},"content":{"rendered":"<p><strong>MONTR\u00c9AL, le 5 f\u00e9vrier 2024.<\/strong> \u2013 Apr\u00e8s une brillante carri\u00e8re dans le secteur canadien de l\u2019assurance, Jean-Fran\u00e7ois B\u00e9liveau, premier vice-pr\u00e9sident de la r\u00e9gion du Qu\u00e9bec \u00e0 Northbridge Assurance, prendra sa retraite \u00e0 la fin du mois de mars. \u00c0 compter du 1er avril 2024, Jean-Fran\u00e7ois Lussier dirigera la r\u00e9gion du Qu\u00e9bec en tant que vice-pr\u00e9sident principal.<\/p>\n<p>Depuis son entr\u00e9e en fonction \u00e0 Northbridge en 2011, l\u2019expertise op\u00e9rationnelle de Jean-Fran\u00e7ois B\u00e9liveau et sa connaissance approfondie du march\u00e9, combin\u00e9es \u00e0 ses relations d\u2019affaires \u00e9troites et de longue date avec nos courtiers partenaires, ont permis un succ\u00e8s exceptionnel dans la r\u00e9gion. Sous sa direction, Northbridge est devenue la deuxi\u00e8me soci\u00e9t\u00e9 d\u2019assurance des entreprises en importance au Qu\u00e9bec.<\/p>\n<p>\u00ab J\u2019ai ador\u00e9 les ann\u00e9es que j\u2019ai pass\u00e9es \u00e0 Northbridge, o\u00f9 j\u2019ai collabor\u00e9 de pr\u00e8s avec les employ\u00e9s et les courtiers partenaires exceptionnels du Qu\u00e9bec, d\u00e9clare M. B\u00e9liveau. Je sais qu\u2019avec Jean-Fran\u00e7ois Lussier, je laisse la r\u00e9gion en bonnes mains. Il fera preuve dans ses nouvelles fonctions du m\u00eame leadership novateur et \u00e9nergique pour lequel il est d\u00e9j\u00e0 bien connu \u00e0 Northbridge. \u00bb<\/p>\n<p>M. Lussier s\u2019est joint \u00e0 Northbridge en avril 2019 \u00e0 titre de vice-pr\u00e9sident, Ventes et distribution, r\u00e9gion du Qu\u00e9bec. Travaillant de concert avec l\u2019\u00e9quipe du Qu\u00e9bec, il a su approfondir les relations avec le r\u00e9seau de courtage et ainsi entra\u00eener une croissance importante des affaires nouvelles.<\/p>\n<p>\u00ab Le solide leadership et l\u2019esprit visionnaire de Jean-Fran\u00e7ois B\u00e9liveau ont \u00e9t\u00e9 tr\u00e8s pr\u00e9cieux pendant que nous travaillions \u00e0 \u00e9tablir Northbridge Assurance comme un chef de file dans la r\u00e9gion, commente M. Lussier. Il nous manquera beaucoup, mais je me r\u00e9jouis \u00e0 l\u2019id\u00e9e de continuer \u00e0 asseoir la position de Northbridge Assurance dans le march\u00e9 qu\u00e9b\u00e9cois, en \u00e9troite collaboration avec nos courtiers partenaires. Je suis fier du travail qu\u2019a accompli notre \u00e9quipe jusqu\u2019\u00e0 maintenant et j\u2019esp\u00e8re continuer sur cette lanc\u00e9e dans les ann\u00e9es \u00e0 venir. \u00bb<\/p>\n<p><strong>Pour de plus amples renseignements, veuillez communiquer avec :<\/strong><br \/>\nEllen Brait<br \/>\nDirectrice, Marketing de contenu et communications<br \/>\nNorthbridge Assurance<br \/>\n<a href=\"mailto:Ellen.Brait@nbfc.com\">Ellen.Brait@nbfc.com<\/a><\/p>\n","protected":false},"excerpt":{"rendered":"<p>MONTR\u00c9AL, le 5 f\u00e9vrier 2024. \u2013 Apr\u00e8s une brillante carri\u00e8re dans le secteur canadien de l\u2019assurance, Jean-Fran\u00e7ois B\u00e9liveau, premier vice-pr\u00e9sident de la r\u00e9gion du Qu\u00e9bec \u00e0 Northbridge Assurance, prendra sa retraite \u00e0 la fin du mois de mars. \u00c0 compter du 1er avril 2024, Jean-Fran\u00e7ois Lussier dirigera la r\u00e9gion du Qu\u00e9bec en tant que vice-pr\u00e9sident [&hellip;]<\/p>\n","protected":false},"author":33,"featured_media":27647,"comment_status":"closed","ping_status":"closed","sticky":false,"template":"","format":"standard","meta":{"footnotes":""},"categories":[242],"tags":[],"class_list":["post-27625","post","type-post","status-publish","format-standard","has-post-thumbnail","hentry","category-northbridge-fr"],"yoast_head":"<!-- This site is optimized with the Yoast SEO plugin v27.4 - https:\/\/yoast.com\/product\/yoast-seo-wordpress\/ -->\n<title>Northbridge Assurance annonce des changements \u00e0 la direction du Qu\u00e9bec<\/title>\n<meta name=\"description\" content=\"Jean-Fran\u00e7ois B\u00e9liveau, PVP du Qu\u00e9bec \u00e0 Northbridge Assurance, annonce sa retraite. Jean-Fran\u00e7ois Lussier sera nomm\u00e9 VPP, r\u00e9gion du Qu\u00e9bec.\" \/>\n<meta name=\"robots\" content=\"index, follow, max-snippet:-1, max-image-preview:large, max-video-preview:-1\" \/>\n<link rel=\"canonical\" href=\"https:\/\/www.nbfc.com\/fr\/northbridge-assurance-annonce-des-changements-a-la-direction-du-quebec\/\" \/>\n<meta property=\"og:locale\" content=\"fr_FR\" \/>\n<meta property=\"og:type\" content=\"article\" \/>\n<meta property=\"og:title\" content=\"Northbridge Assurance annonce des changements \u00e0 la direction du Qu\u00e9bec\" \/>\n<meta property=\"og:description\" content=\"Jean-Fran\u00e7ois B\u00e9liveau, PVP du Qu\u00e9bec \u00e0 Northbridge Assurance, annonce sa retraite. Jean-Fran\u00e7ois Lussier sera nomm\u00e9 VPP, r\u00e9gion du Qu\u00e9bec.\" \/>\n<meta property=\"og:url\" content=\"https:\/\/www.nbfc.com\/fr\/northbridge-assurance-annonce-des-changements-a-la-direction-du-quebec\/\" \/>\n<meta property=\"og:site_name\" content=\"Corporation financi\u00e8re Northbridge\" \/>\n<meta property=\"article:published_time\" content=\"2024-02-05T15:38:07+00:00\" \/>\n<meta property=\"article:modified_time\" content=\"2024-02-05T16:40:22+00:00\" \/>\n<meta property=\"og:image\" content=\"https:\/\/www.nbfc.com\/wp-content\/uploads\/press-release-2.png\" \/>\n\t<meta property=\"og:image:width\" content=\"638\" \/>\n\t<meta property=\"og:image:height\" content=\"585\" \/>\n\t<meta property=\"og:image:type\" content=\"image\/png\" \/>\n<meta name=\"author\" content=\"Elizabeth Tela\" \/>\n<meta name=\"twitter:card\" content=\"summary_large_image\" \/>\n<meta name=\"twitter:label1\" content=\"\u00c9crit par\" \/>\n\t<meta name=\"twitter:data1\" content=\"Elizabeth Tela\" \/>\n\t<meta name=\"twitter:label2\" content=\"Dur\u00e9e de lecture estim\u00e9e\" \/>\n\t<meta name=\"twitter:data2\" content=\"2 minutes\" \/>\n<script type=\"application\/ld+json\" class=\"yoast-schema-graph\">{\"@context\":\"https:\\\/\\\/schema.org\",\"@graph\":[{\"@type\":\"Article\",\"@id\":\"https:\\\/\\\/www.nbfc.com\\\/fr\\\/northbridge-assurance-annonce-des-changements-a-la-direction-du-quebec\\\/#article\",\"isPartOf\":{\"@id\":\"https:\\\/\\\/www.nbfc.com\\\/fr\\\/northbridge-assurance-annonce-des-changements-a-la-direction-du-quebec\\\/\"},\"author\":{\"name\":\"Elizabeth Tela\",\"@id\":\"https:\\\/\\\/www.nbfc.com\\\/fr\\\/#\\\/schema\\\/person\\\/803f5f500a0189bd6b4a87f72244a49c\"},\"headline\":\"Northbridge Assurance annonce des changements au sein de son \u00e9quipe de direction au Qu\u00e9bec\",\"datePublished\":\"2024-02-05T15:38:07+00:00\",\"dateModified\":\"2024-02-05T16:40:22+00:00\",\"mainEntityOfPage\":{\"@id\":\"https:\\\/\\\/www.nbfc.com\\\/fr\\\/northbridge-assurance-annonce-des-changements-a-la-direction-du-quebec\\\/\"},\"wordCount\":389,\"publisher\":{\"@id\":\"https:\\\/\\\/www.nbfc.com\\\/fr\\\/#organization\"},\"image\":{\"@id\":\"https:\\\/\\\/www.nbfc.com\\\/fr\\\/northbridge-assurance-annonce-des-changements-a-la-direction-du-quebec\\\/#primaryimage\"},\"thumbnailUrl\":\"https:\\\/\\\/www.nbfc.com\\\/wp-content\\\/uploads\\\/press-release-2.png\",\"articleSection\":[\"Corporation financi\u00e8re Northbridge\"],\"inLanguage\":\"fr-FR\"},{\"@type\":\"WebPage\",\"@id\":\"https:\\\/\\\/www.nbfc.com\\\/fr\\\/northbridge-assurance-annonce-des-changements-a-la-direction-du-quebec\\\/\",\"url\":\"https:\\\/\\\/www.nbfc.com\\\/fr\\\/northbridge-assurance-annonce-des-changements-a-la-direction-du-quebec\\\/\",\"name\":\"Northbridge Assurance annonce des changements \u00e0 la direction du Qu\u00e9bec\",\"isPartOf\":{\"@id\":\"https:\\\/\\\/www.nbfc.com\\\/fr\\\/#website\"},\"primaryImageOfPage\":{\"@id\":\"https:\\\/\\\/www.nbfc.com\\\/fr\\\/northbridge-assurance-annonce-des-changements-a-la-direction-du-quebec\\\/#primaryimage\"},\"image\":{\"@id\":\"https:\\\/\\\/www.nbfc.com\\\/fr\\\/northbridge-assurance-annonce-des-changements-a-la-direction-du-quebec\\\/#primaryimage\"},\"thumbnailUrl\":\"https:\\\/\\\/www.nbfc.com\\\/wp-content\\\/uploads\\\/press-release-2.png\",\"datePublished\":\"2024-02-05T15:38:07+00:00\",\"dateModified\":\"2024-02-05T16:40:22+00:00\",\"description\":\"Jean-Fran\u00e7ois B\u00e9liveau, PVP du Qu\u00e9bec \u00e0 Northbridge Assurance, annonce sa retraite. Jean-Fran\u00e7ois Lussier sera nomm\u00e9 VPP, r\u00e9gion du Qu\u00e9bec.\",\"breadcrumb\":{\"@id\":\"https:\\\/\\\/www.nbfc.com\\\/fr\\\/northbridge-assurance-annonce-des-changements-a-la-direction-du-quebec\\\/#breadcrumb\"},\"inLanguage\":\"fr-FR\",\"potentialAction\":[{\"@type\":\"ReadAction\",\"target\":[\"https:\\\/\\\/www.nbfc.com\\\/fr\\\/northbridge-assurance-annonce-des-changements-a-la-direction-du-quebec\\\/\"]}]},{\"@type\":\"ImageObject\",\"inLanguage\":\"fr-FR\",\"@id\":\"https:\\\/\\\/www.nbfc.com\\\/fr\\\/northbridge-assurance-annonce-des-changements-a-la-direction-du-quebec\\\/#primaryimage\",\"url\":\"https:\\\/\\\/www.nbfc.com\\\/wp-content\\\/uploads\\\/press-release-2.png\",\"contentUrl\":\"https:\\\/\\\/www.nbfc.com\\\/wp-content\\\/uploads\\\/press-release-2.png\",\"width\":638,\"height\":585},{\"@type\":\"BreadcrumbList\",\"@id\":\"https:\\\/\\\/www.nbfc.com\\\/fr\\\/northbridge-assurance-annonce-des-changements-a-la-direction-du-quebec\\\/#breadcrumb\",\"itemListElement\":[{\"@type\":\"ListItem\",\"position\":1,\"name\":\"Home\",\"item\":\"https:\\\/\\\/www.nbfc.com\\\/fr\\\/home\\\/\"},{\"@type\":\"ListItem\",\"position\":2,\"name\":\"Northbridge Assurance annonce des changements au sein de son \u00e9quipe de direction au Qu\u00e9bec\"}]},{\"@type\":\"WebSite\",\"@id\":\"https:\\\/\\\/www.nbfc.com\\\/fr\\\/#website\",\"url\":\"https:\\\/\\\/www.nbfc.com\\\/fr\\\/\",\"name\":\"Corporation financi\u00e8re Northbridge\",\"description\":\"Assurance des entreprises au Canada\",\"publisher\":{\"@id\":\"https:\\\/\\\/www.nbfc.com\\\/fr\\\/#organization\"},\"potentialAction\":[{\"@type\":\"SearchAction\",\"target\":{\"@type\":\"EntryPoint\",\"urlTemplate\":\"https:\\\/\\\/www.nbfc.com\\\/fr\\\/?s={search_term_string}\"},\"query-input\":{\"@type\":\"PropertyValueSpecification\",\"valueRequired\":true,\"valueName\":\"search_term_string\"}}],\"inLanguage\":\"fr-FR\"},{\"@type\":\"Organization\",\"@id\":\"https:\\\/\\\/www.nbfc.com\\\/fr\\\/#organization\",\"name\":\"Northbridge Financial Corporation\",\"url\":\"https:\\\/\\\/www.nbfc.com\\\/fr\\\/\",\"logo\":{\"@type\":\"ImageObject\",\"inLanguage\":\"fr-FR\",\"@id\":\"https:\\\/\\\/www.nbfc.com\\\/fr\\\/#\\\/schema\\\/logo\\\/image\\\/\",\"url\":\"https:\\\/\\\/www.nbfc.com\\\/wp-content\\\/uploads\\\/2015\\\/06\\\/nb_fairfax_smallscaleuses_300x167px-EN.png\",\"contentUrl\":\"https:\\\/\\\/www.nbfc.com\\\/wp-content\\\/uploads\\\/2015\\\/06\\\/nb_fairfax_smallscaleuses_300x167px-EN.png\",\"width\":300,\"height\":168,\"caption\":\"Northbridge Financial Corporation\"},\"image\":{\"@id\":\"https:\\\/\\\/www.nbfc.com\\\/fr\\\/#\\\/schema\\\/logo\\\/image\\\/\"},\"sameAs\":[\"https:\\\/\\\/www.linkedin.com\\\/company\\\/northbridge-financial-corporation\",\"https:\\\/\\\/www.youtube.com\\\/channel\\\/UCVJXP_9ja5iY_5SAAxJ6Jmg\"]},{\"@type\":\"Person\",\"@id\":\"https:\\\/\\\/www.nbfc.com\\\/fr\\\/#\\\/schema\\\/person\\\/803f5f500a0189bd6b4a87f72244a49c\",\"name\":\"Elizabeth Tela\"}]}<\/script>\n<!-- \/ Yoast SEO plugin. -->","yoast_head_json":{"title":"Northbridge Assurance annonce des changements \u00e0 la direction du Qu\u00e9bec","description":"Jean-Fran\u00e7ois B\u00e9liveau, PVP du Qu\u00e9bec \u00e0 Northbridge Assurance, annonce sa retraite. Jean-Fran\u00e7ois Lussier sera nomm\u00e9 VPP, r\u00e9gion du Qu\u00e9bec.","robots":{"index":"index","follow":"follow","max-snippet":"max-snippet:-1","max-image-preview":"max-image-preview:large","max-video-preview":"max-video-preview:-1"},"canonical":"https:\/\/www.nbfc.com\/fr\/northbridge-assurance-annonce-des-changements-a-la-direction-du-quebec\/","og_locale":"fr_FR","og_type":"article","og_title":"Northbridge Assurance annonce des changements \u00e0 la direction du Qu\u00e9bec","og_description":"Jean-Fran\u00e7ois B\u00e9liveau, PVP du Qu\u00e9bec \u00e0 Northbridge Assurance, annonce sa retraite. Jean-Fran\u00e7ois Lussier sera nomm\u00e9 VPP, r\u00e9gion du Qu\u00e9bec.","og_url":"https:\/\/www.nbfc.com\/fr\/northbridge-assurance-annonce-des-changements-a-la-direction-du-quebec\/","og_site_name":"Corporation financi\u00e8re Northbridge","article_published_time":"2024-02-05T15:38:07+00:00","article_modified_time":"2024-02-05T16:40:22+00:00","og_image":[{"width":638,"height":585,"url":"https:\/\/www.nbfc.com\/wp-content\/uploads\/press-release-2.png","type":"image\/png"}],"author":"Elizabeth Tela","twitter_card":"summary_large_image","twitter_misc":{"\u00c9crit par":"Elizabeth Tela","Dur\u00e9e de lecture estim\u00e9e":"2 minutes"},"schema":{"@context":"https:\/\/schema.org","@graph":[{"@type":"Article","@id":"https:\/\/www.nbfc.com\/fr\/northbridge-assurance-annonce-des-changements-a-la-direction-du-quebec\/#article","isPartOf":{"@id":"https:\/\/www.nbfc.com\/fr\/northbridge-assurance-annonce-des-changements-a-la-direction-du-quebec\/"},"author":{"name":"Elizabeth Tela","@id":"https:\/\/www.nbfc.com\/fr\/#\/schema\/person\/803f5f500a0189bd6b4a87f72244a49c"},"headline":"Northbridge Assurance annonce des changements au sein de son \u00e9quipe de direction au Qu\u00e9bec","datePublished":"2024-02-05T15:38:07+00:00","dateModified":"2024-02-05T16:40:22+00:00","mainEntityOfPage":{"@id":"https:\/\/www.nbfc.com\/fr\/northbridge-assurance-annonce-des-changements-a-la-direction-du-quebec\/"},"wordCount":389,"publisher":{"@id":"https:\/\/www.nbfc.com\/fr\/#organization"},"image":{"@id":"https:\/\/www.nbfc.com\/fr\/northbridge-assurance-annonce-des-changements-a-la-direction-du-quebec\/#primaryimage"},"thumbnailUrl":"https:\/\/www.nbfc.com\/wp-content\/uploads\/press-release-2.png","articleSection":["Corporation financi\u00e8re Northbridge"],"inLanguage":"fr-FR"},{"@type":"WebPage","@id":"https:\/\/www.nbfc.com\/fr\/northbridge-assurance-annonce-des-changements-a-la-direction-du-quebec\/","url":"https:\/\/www.nbfc.com\/fr\/northbridge-assurance-annonce-des-changements-a-la-direction-du-quebec\/","name":"Northbridge Assurance annonce des changements \u00e0 la direction du Qu\u00e9bec","isPartOf":{"@id":"https:\/\/www.nbfc.com\/fr\/#website"},"primaryImageOfPage":{"@id":"https:\/\/www.nbfc.com\/fr\/northbridge-assurance-annonce-des-changements-a-la-direction-du-quebec\/#primaryimage"},"image":{"@id":"https:\/\/www.nbfc.com\/fr\/northbridge-assurance-annonce-des-changements-a-la-direction-du-quebec\/#primaryimage"},"thumbnailUrl":"https:\/\/www.nbfc.com\/wp-content\/uploads\/press-release-2.png","datePublished":"2024-02-05T15:38:07+00:00","dateModified":"2024-02-05T16:40:22+00:00","description":"Jean-Fran\u00e7ois B\u00e9liveau, PVP du Qu\u00e9bec \u00e0 Northbridge Assurance, annonce sa retraite. Jean-Fran\u00e7ois Lussier sera nomm\u00e9 VPP, r\u00e9gion du Qu\u00e9bec.","breadcrumb":{"@id":"https:\/\/www.nbfc.com\/fr\/northbridge-assurance-annonce-des-changements-a-la-direction-du-quebec\/#breadcrumb"},"inLanguage":"fr-FR","potentialAction":[{"@type":"ReadAction","target":["https:\/\/www.nbfc.com\/fr\/northbridge-assurance-annonce-des-changements-a-la-direction-du-quebec\/"]}]},{"@type":"ImageObject","inLanguage":"fr-FR","@id":"https:\/\/www.nbfc.com\/fr\/northbridge-assurance-annonce-des-changements-a-la-direction-du-quebec\/#primaryimage","url":"https:\/\/www.nbfc.com\/wp-content\/uploads\/press-release-2.png","contentUrl":"https:\/\/www.nbfc.com\/wp-content\/uploads\/press-release-2.png","width":638,"height":585},{"@type":"BreadcrumbList","@id":"https:\/\/www.nbfc.com\/fr\/northbridge-assurance-annonce-des-changements-a-la-direction-du-quebec\/#breadcrumb","itemListElement":[{"@type":"ListItem","position":1,"name":"Home","item":"https:\/\/www.nbfc.com\/fr\/home\/"},{"@type":"ListItem","position":2,"name":"Northbridge Assurance annonce des changements au sein de son \u00e9quipe de direction au Qu\u00e9bec"}]},{"@type":"WebSite","@id":"https:\/\/www.nbfc.com\/fr\/#website","url":"https:\/\/www.nbfc.com\/fr\/","name":"Corporation financi\u00e8re Northbridge","description":"Assurance des entreprises au Canada","publisher":{"@id":"https:\/\/www.nbfc.com\/fr\/#organization"},"potentialAction":[{"@type":"SearchAction","target":{"@type":"EntryPoint","urlTemplate":"https:\/\/www.nbfc.com\/fr\/?s={search_term_string}"},"query-input":{"@type":"PropertyValueSpecification","valueRequired":true,"valueName":"search_term_string"}}],"inLanguage":"fr-FR"},{"@type":"Organization","@id":"https:\/\/www.nbfc.com\/fr\/#organization","name":"Northbridge Financial Corporation","url":"https:\/\/www.nbfc.com\/fr\/","logo":{"@type":"ImageObject","inLanguage":"fr-FR","@id":"https:\/\/www.nbfc.com\/fr\/#\/schema\/logo\/image\/","url":"https:\/\/www.nbfc.com\/wp-content\/uploads\/2015\/06\/nb_fairfax_smallscaleuses_300x167px-EN.png","contentUrl":"https:\/\/www.nbfc.com\/wp-content\/uploads\/2015\/06\/nb_fairfax_smallscaleuses_300x167px-EN.png","width":300,"height":168,"caption":"Northbridge Financial Corporation"},"image":{"@id":"https:\/\/www.nbfc.com\/fr\/#\/schema\/logo\/image\/"},"sameAs":["https:\/\/www.linkedin.com\/company\/northbridge-financial-corporation","https:\/\/www.youtube.com\/channel\/UCVJXP_9ja5iY_5SAAxJ6Jmg"]},{"@type":"Person","@id":"https:\/\/www.nbfc.com\/fr\/#\/schema\/person\/803f5f500a0189bd6b4a87f72244a49c","name":"Elizabeth Tela"}]}},"_links":{"self":[{"href":"https:\/\/www.nbfc.com\/fr\/wp-json\/wp\/v2\/posts\/27625","targetHints":{"allow":["GET"]}}],"collection":[{"href":"https:\/\/www.nbfc.com\/fr\/wp-json\/wp\/v2\/posts"}],"about":[{"href":"https:\/\/www.nbfc.com\/fr\/wp-json\/wp\/v2\/types\/post"}],"author":[{"embeddable":true,"href":"https:\/\/www.nbfc.com\/fr\/wp-json\/wp\/v2\/users\/33"}],"replies":[{"embeddable":true,"href":"https:\/\/www.nbfc.com\/fr\/wp-json\/wp\/v2\/comments?post=27625"}],"version-history":[{"count":5,"href":"https:\/\/www.nbfc.com\/fr\/wp-json\/wp\/v2\/posts\/27625\/revisions"}],"predecessor-version":[{"id":27648,"href":"https:\/\/www.nbfc.com\/fr\/wp-json\/wp\/v2\/posts\/27625\/revisions\/27648"}],"wp:featuredmedia":[{"embeddable":true,"href":"https:\/\/www.nbfc.com\/fr\/wp-json\/wp\/v2\/media\/27647"}],"wp:attachment":[{"href":"https:\/\/www.nbfc.com\/fr\/wp-json\/wp\/v2\/media?parent=27625"}],"wp:term":[{"taxonomy":"category","embeddable":true,"href":"https:\/\/www.nbfc.com\/fr\/wp-json\/wp\/v2\/categories?post=27625"},{"taxonomy":"post_tag","embeddable":true,"href":"https:\/\/www.nbfc.com\/fr\/wp-json\/wp\/v2\/tags?post=27625"}],"curies":[{"name":"wp","href":"https:\/\/api.w.org\/{rel}","templated":true}]}}